{"id":5847,"date":"2023-08-24T13:33:00","date_gmt":"2023-08-24T10:33:00","guid":{"rendered":"http:\/\/elazigtso.com\/tr\/?p=5847"},"modified":"2023-08-24T13:33:01","modified_gmt":"2023-08-24T10:33:01","slug":"karadagda-yatirim-imkanlari","status":"publish","type":"post","link":"http:\/\/elazigtso.com\/tr\/index.php\/2023\/08\/24\/karadagda-yatirim-imkanlari\/","title":{"rendered":"Karada\u011f&#8217;da Yat\u0131r\u0131m \u0130mkanlar\u0131"},"content":{"rendered":"\n<p>Say\u0131n \u00dcyemiz,<\/p>\n\n\n\n<p>TOBB taraf\u0131ndan Odam\u0131za g\u00f6nderilen yaz\u0131da,&nbsp;D\u0131\u015fi\u015fleri Bakanl\u0131\u011f\u0131&#8217;n\u0131n 08.08.2023 tarihli ve 36328905 say\u0131l\u0131 yaz\u0131s\u0131na atfen,&nbsp;\u0130lgide kay\u0131tl\u0131 yaz\u0131da, D\u0131\u015fi\u015fleri Bakan\u0131 Say\u0131n Hakan Fidan&#8217;\u0131n 26 Haziran 2023 tarihinde Karada\u011f Ba\u015fbakan Yard\u0131mc\u0131s\u0131 Ervin \u0130brahimovi\u00e7&#8217;le bir g\u00f6r\u00fc\u015fme ger\u00e7ekle\u015ftirdi\u011fi ve g\u00f6r\u00fc\u015fmede Say\u0131n \u0130brahimovi\u00e7&#8217;in, Karada\u011f&#8217;da T\u00fcrk yat\u0131r\u0131mlar\u0131n\u0131n artt\u0131r\u0131lmas\u0131n\u0131 arzu ettiklerini, turizmin canland\u0131r\u0131lmas\u0131 ba\u011flam\u0131nda kuzeyde 2-3 tane kayak merkezi in\u015fa edilmesinin g\u00fcndemde oldu\u011funu ve bu projelerin in\u015fas\u0131nda T\u00fcrk yat\u0131r\u0131mc\u0131lar\u0131 g\u00f6rmekten memnuniyet duyacaklar\u0131n\u0131 belirtti\u011fi ifade edilmektedir.<\/p>\n\n\n\n<p>Sayg\u0131lar\u0131m\u0131zla,<\/p>\n\n\n\n<p>Elaz\u0131\u011f Ticaret ve Sanayi Odas\u0131<\/p>\n","protected":false},"excerpt":{"rendered":"<p>Say\u0131n \u00dcyemiz, TOBB taraf\u0131ndan Odam\u0131za g\u00f6nderilen yaz\u0131da,&nbsp;D\u0131\u015fi\u015fleri Bakanl\u0131\u011f\u0131&#8217;n\u0131n 08.08.2023 tarihli ve 36328905 say\u0131l\u0131 yaz\u0131s\u0131na atfen,&nbsp;\u0130lgide kay\u0131tl\u0131 yaz\u0131da, D\u0131\u015fi\u015fleri Bakan\u0131 Say\u0131n Hakan Fidan&#8217;\u0131n 26 Haziran 2023 tarihinde Karada\u011f Ba\u015fbakan Yard\u0131mc\u0131s\u0131 Ervin \u0130brahimovi\u00e7&#8217;le bir g\u00f6r\u00fc\u015fme ger\u00e7ekle\u015ftirdi\u011fi ve g\u00f6r\u00fc\u015fmede Say\u0131n \u0130brahimovi\u00e7&#8217;in, Karada\u011f&#8217;da T\u00fcrk yat\u0131r\u0131mlar\u0131n\u0131n artt\u0131r\u0131lmas\u0131n\u0131 arzu ettiklerini, turizmin canland\u0131r\u0131lmas\u0131 ba\u011flam\u0131nda kuzeyde 2-3 tane kayak merkezi in\u015fa edilmesinin g\u00fcndemde [&hellip;]<\/p>\n","protected":false},"author":1,"featured_media":5668,"comment_status":"closed","ping_status":"closed","sticky":false,"template":"","format":"standard","meta":{"footnotes":""},"categories":[3],"tags":[],"class_list":["post-5847","post","type-post","status-publish","format-standard","has-post-thumbnail","hentry","category-duyuru"],"_links":{"self":[{"href":"http:\/\/elazigtso.com\/tr\/index.php\/wp-json\/wp\/v2\/posts\/5847","targetHints":{"allow":["GET"]}}],"collection":[{"href":"http:\/\/elazigtso.com\/tr\/index.php\/wp-json\/wp\/v2\/posts"}],"about":[{"href":"http:\/\/elazigtso.com\/tr\/index.php\/wp-json\/wp\/v2\/types\/post"}],"author":[{"embeddable":true,"href":"http:\/\/elazigtso.com\/tr\/index.php\/wp-json\/wp\/v2\/users\/1"}],"replies":[{"embeddable":true,"href":"http:\/\/elazigtso.com\/tr\/index.php\/wp-json\/wp\/v2\/comments?post=5847"}],"version-history":[{"count":1,"href":"http:\/\/elazigtso.com\/tr\/index.php\/wp-json\/wp\/v2\/posts\/5847\/revisions"}],"predecessor-version":[{"id":5848,"href":"http:\/\/elazigtso.com\/tr\/index.php\/wp-json\/wp\/v2\/posts\/5847\/revisions\/5848"}],"wp:featuredmedia":[{"embeddable":true,"href":"http:\/\/elazigtso.com\/tr\/index.php\/wp-json\/wp\/v2\/media\/5668"}],"wp:attachment":[{"href":"http:\/\/elazigtso.com\/tr\/index.php\/wp-json\/wp\/v2\/media?parent=5847"}],"wp:term":[{"taxonomy":"category","embeddable":true,"href":"http:\/\/elazigtso.com\/tr\/index.php\/wp-json\/wp\/v2\/categories?post=5847"},{"taxonomy":"post_tag","embeddable":true,"href":"http:\/\/elazigtso.com\/tr\/index.php\/wp-json\/wp\/v2\/tags?post=5847"}],"curies":[{"name":"wp","href":"https:\/\/api.w.org\/{rel}","templated":true}]}}