{"id":6278,"date":"2023-09-20T16:52:27","date_gmt":"2023-09-20T13:52:27","guid":{"rendered":"http:\/\/elazigtso.com\/tr\/?p=6278"},"modified":"2023-09-25T16:55:11","modified_gmt":"2023-09-25T13:55:11","slug":"katarda-duzenlenecek-fuarlarin-duyurusu","status":"publish","type":"post","link":"http:\/\/elazigtso.com\/tr\/index.php\/2023\/09\/20\/katarda-duzenlenecek-fuarlarin-duyurusu\/","title":{"rendered":"Katar&#8217;da D\u00fczenlenecek Fuarlar\u0131n Duyurusu"},"content":{"rendered":"\n<p>Say\u0131n \u00dcyemiz,<br>TOBB taraf\u0131ndan Odam\u0131za g\u00f6nderilen yaz\u0131da, Ticaret Bakanl\u0131\u011f\u0131&#8217;ndan al\u0131nan 13.09.2023 tarihli ve 88950264 say\u0131l\u0131 yaz\u0131s\u0131na atfen, Ekte bir \u00f6rne\u011fi sunulan ilgi yaz\u0131da, 20-22 Kas\u0131m 2023 tarihlerinde Katar&#8217;da d\u00fczenlenecek fuarlara ili\u015fkin bilgi verilmi\u015f olup, fuarlar hakk\u0131ndaki tan\u0131t\u0131m bro\u015f\u00fcr\u00fc ve davet yaz\u0131s\u0131 iletilmi\u015ftir.<\/p>\n\n\n\n<p>Yaz\u0131da devamla, an\u0131lan fuarlara dair detayl\u0131 bilgiye &#8220;qtmqatar.com&#8221; sitesinden de eri\u015filebilece\u011fi belirtilmi\u015ftir.<\/p>\n\n\n\n<p><a href=\"http:\/\/elazigtso.com\/tr\/wp-content\/uploads\/2023\/09\/Katar_da-Duzenlenecek-Fuarlarin-Duyurusu.pdf\" data-type=\"link\" data-id=\"http:\/\/elazigtso.com\/tr\/wp-content\/uploads\/2023\/09\/Katar_da-Duzenlenecek-Fuarlarin-Duyurusu.pdf\">Ek: Katar&#8217;da D\u00fczenlenecek Fuarlar\u0131n Duyurusu<\/a><\/p>\n\n\n\n<p>Sayg\u0131lar\u0131m\u0131zla,<br>Elaz\u0131\u011f Ticaret ve Sanayi Odas\u0131<\/p>\n","protected":false},"excerpt":{"rendered":"<p>Say\u0131n \u00dcyemiz,TOBB taraf\u0131ndan Odam\u0131za g\u00f6nderilen yaz\u0131da, Ticaret Bakanl\u0131\u011f\u0131&#8217;ndan al\u0131nan 13.09.2023 tarihli ve 88950264 say\u0131l\u0131 yaz\u0131s\u0131na atfen, Ekte bir \u00f6rne\u011fi sunulan ilgi yaz\u0131da, 20-22 Kas\u0131m 2023 tarihlerinde Katar&#8217;da d\u00fczenlenecek fuarlara ili\u015fkin bilgi verilmi\u015f olup, fuarlar hakk\u0131ndaki tan\u0131t\u0131m bro\u015f\u00fcr\u00fc ve davet yaz\u0131s\u0131 iletilmi\u015ftir. Yaz\u0131da devamla, an\u0131lan fuarlara dair detayl\u0131 bilgiye &#8220;qtmqatar.com&#8221; sitesinden de eri\u015filebilece\u011fi belirtilmi\u015ftir. Ek: Katar&#8217;da [&hellip;]<\/p>\n","protected":false},"author":5,"featured_media":5650,"comment_status":"closed","ping_status":"closed","sticky":false,"template":"","format":"standard","meta":{"footnotes":""},"categories":[3],"tags":[],"class_list":["post-6278","post","type-post","status-publish","format-standard","has-post-thumbnail","hentry","category-duyuru"],"_links":{"self":[{"href":"http:\/\/elazigtso.com\/tr\/index.php\/wp-json\/wp\/v2\/posts\/6278","targetHints":{"allow":["GET"]}}],"collection":[{"href":"http:\/\/elazigtso.com\/tr\/index.php\/wp-json\/wp\/v2\/posts"}],"about":[{"href":"http:\/\/elazigtso.com\/tr\/index.php\/wp-json\/wp\/v2\/types\/post"}],"author":[{"embeddable":true,"href":"http:\/\/elazigtso.com\/tr\/index.php\/wp-json\/wp\/v2\/users\/5"}],"replies":[{"embeddable":true,"href":"http:\/\/elazigtso.com\/tr\/index.php\/wp-json\/wp\/v2\/comments?post=6278"}],"version-history":[{"count":1,"href":"http:\/\/elazigtso.com\/tr\/index.php\/wp-json\/wp\/v2\/posts\/6278\/revisions"}],"predecessor-version":[{"id":6280,"href":"http:\/\/elazigtso.com\/tr\/index.php\/wp-json\/wp\/v2\/posts\/6278\/revisions\/6280"}],"wp:featuredmedia":[{"embeddable":true,"href":"http:\/\/elazigtso.com\/tr\/index.php\/wp-json\/wp\/v2\/media\/5650"}],"wp:attachment":[{"href":"http:\/\/elazigtso.com\/tr\/index.php\/wp-json\/wp\/v2\/media?parent=6278"}],"wp:term":[{"taxonomy":"category","embeddable":true,"href":"http:\/\/elazigtso.com\/tr\/index.php\/wp-json\/wp\/v2\/categories?post=6278"},{"taxonomy":"post_tag","embeddable":true,"href":"http:\/\/elazigtso.com\/tr\/index.php\/wp-json\/wp\/v2\/tags?post=6278"}],"curies":[{"name":"wp","href":"https:\/\/api.w.org\/{rel}","templated":true}]}}